{"id":1123,"date":"2023-11-23T13:06:55","date_gmt":"2023-11-23T13:06:55","guid":{"rendered":"https:\/\/ilersap.com\/participacion-en-el-curso-sobre-la-fertilizacion-de-los-suelos\/"},"modified":"2023-11-23T14:24:48","modified_gmt":"2023-11-23T14:24:48","slug":"participacion-en-el-curso-sobre-la-fertilizacion-de-los-suelos","status":"publish","type":"post","link":"https:\/\/ilersap.com\/es\/participacion-en-el-curso-sobre-la-fertilizacion-de-los-suelos\/","title":{"rendered":"Participaci\u00f3n en el Curso sobre la Fertilizaci\u00f3n de los Suelos"},"content":{"rendered":"\n<p>La Escuela Agraria de Alfarr\u00e0s tuvo el honor de recibir a nuestro agr\u00f3nomo Pere Villar, en representaci\u00f3n de ilersap, quien imparti\u00f3 un curso sobre la fertilizaci\u00f3n del suelo para estudiantes y profesionales del sector. <\/p>\n\n<p>El evento atrajo a una amplia audiencia con un gran inter\u00e9s en aprender las \u00faltimas tendencias y pr\u00e1cticas en el campo de la agronom\u00eda.<\/p>\n<div class=\"wp-block-image\">\n<figure class=\"aligncenter size-large is-resized\"><img loading=\"lazy\" decoding=\"async\" width=\"1024\" height=\"790\" src=\"https:\/\/ilersap.com\/wp-content\/uploads\/2023\/11\/Foto-4-1-1024x790.jpg\" alt=\"\" class=\"wp-image-1118\" style=\"width:611px;height:auto\" srcset=\"https:\/\/ilersap.com\/wp-content\/uploads\/2023\/11\/Foto-4-1-1024x790.jpg 1024w, https:\/\/ilersap.com\/wp-content\/uploads\/2023\/11\/Foto-4-1-300x231.jpg 300w, https:\/\/ilersap.com\/wp-content\/uploads\/2023\/11\/Foto-4-1-768x593.jpg 768w, https:\/\/ilersap.com\/wp-content\/uploads\/2023\/11\/Foto-4-1-1536x1185.jpg 1536w, https:\/\/ilersap.com\/wp-content\/uploads\/2023\/11\/Foto-4-1-100x77.jpg 100w, https:\/\/ilersap.com\/wp-content\/uploads\/2023\/11\/Foto-4-1-862x665.jpg 862w, https:\/\/ilersap.com\/wp-content\/uploads\/2023\/11\/Foto-4-1-1200x926.jpg 1200w, https:\/\/ilersap.com\/wp-content\/uploads\/2023\/11\/Foto-4-1.jpg 2048w\" sizes=\"auto, (max-width: 1024px) 100vw, 1024px\" \/><\/figure>\n<\/div>\n<p>Con una carrera destacada en el \u00e1mbito de la agricultura sostenible y la gesti\u00f3n eficiente de los recursos agr\u00edcolas, Pere Villar comparti\u00f3 su experiencia y conocimientos El curso abord\u00f3 temas relevantes, como la importancia de la fertilizaci\u00f3n del suelo y las t\u00e9cnicas m\u00e1s avanzadas para mejorar la productividad y la sostenibilidad agr\u00edcola.<\/p>\n\n<p>Los participantes tuvieron la oportunidad de interactuar y resolver sus dudas, profundizando as\u00ed en conceptos espec\u00edficos y aplicaciones pr\u00e1cticas sobre diversos temas, como la selecci\u00f3n de nutrientes, el uso eficiente de los fertilizantes y las estrategias para lograr una mejor estructura del suelo.<\/p>\n\n<p>La Escuela Agraria de Alfarr\u00e1s, comprometida con la excelencia, organiz\u00f3 este evento en colaboraci\u00f3n con un experto como Pere, con el objetivo de proporcionar una visi\u00f3n m\u00e1s detallada y actualizada de los desaf\u00edos y oportunidades que presenta el mundo agr\u00edcola actual.<\/p>\n\n<p>Desde ilersap, nos complace colaborar en todas las formaciones posibles y transmitir los conocimientos que poseen nuestros expertos. <\/p>\n<div class=\"wp-block-image\">\n<figure class=\"aligncenter size-large is-resized\"><img loading=\"lazy\" decoding=\"async\" width=\"1024\" height=\"853\" src=\"https:\/\/ilersap.com\/wp-content\/uploads\/2023\/11\/Foto-7-1024x853.jpg\" alt=\"\" class=\"wp-image-1112\" style=\"width:491px;height:auto\" srcset=\"https:\/\/ilersap.com\/wp-content\/uploads\/2023\/11\/Foto-7-1024x853.jpg 1024w, https:\/\/ilersap.com\/wp-content\/uploads\/2023\/11\/Foto-7-300x250.jpg 300w, https:\/\/ilersap.com\/wp-content\/uploads\/2023\/11\/Foto-7-768x640.jpg 768w, https:\/\/ilersap.com\/wp-content\/uploads\/2023\/11\/Foto-7-1536x1280.jpg 1536w, https:\/\/ilersap.com\/wp-content\/uploads\/2023\/11\/Foto-7-100x83.jpg 100w, https:\/\/ilersap.com\/wp-content\/uploads\/2023\/11\/Foto-7-862x718.jpg 862w, https:\/\/ilersap.com\/wp-content\/uploads\/2023\/11\/Foto-7-1200x1000.jpg 1200w, https:\/\/ilersap.com\/wp-content\/uploads\/2023\/11\/Foto-7.jpg 2048w\" sizes=\"auto, (max-width: 1024px) 100vw, 1024px\" \/><\/figure>\n<\/div>","protected":false},"excerpt":{"rendered":"<p>La Escuela Agraria de Alfarr\u00e1s tuvo el honor de recibir a nuestro agr\u00f3nomo Pere Villar, en representaci\u00f3n de ilersap, quien imparti\u00f3 un curso sobre la fertilizaci\u00f3n del suelo para estudiantes y profesionales del sector. <\/p>\n","protected":false},"author":1,"featured_media":1117,"comment_status":"closed","ping_status":"open","sticky":false,"template":"","format":"standard","meta":{"footnotes":""},"categories":[5],"tags":[],"class_list":["post-1123","post","type-post","status-publish","format-standard","has-post-thumbnail","hentry","category-sin-categorizar"],"_links":{"self":[{"href":"https:\/\/ilersap.com\/es\/wp-json\/wp\/v2\/posts\/1123","targetHints":{"allow":["GET"]}}],"collection":[{"href":"https:\/\/ilersap.com\/es\/wp-json\/wp\/v2\/posts"}],"about":[{"href":"https:\/\/ilersap.com\/es\/wp-json\/wp\/v2\/types\/post"}],"author":[{"embeddable":true,"href":"https:\/\/ilersap.com\/es\/wp-json\/wp\/v2\/users\/1"}],"replies":[{"embeddable":true,"href":"https:\/\/ilersap.com\/es\/wp-json\/wp\/v2\/comments?post=1123"}],"version-history":[{"count":3,"href":"https:\/\/ilersap.com\/es\/wp-json\/wp\/v2\/posts\/1123\/revisions"}],"predecessor-version":[{"id":1126,"href":"https:\/\/ilersap.com\/es\/wp-json\/wp\/v2\/posts\/1123\/revisions\/1126"}],"wp:featuredmedia":[{"embeddable":true,"href":"https:\/\/ilersap.com\/es\/wp-json\/wp\/v2\/media\/1117"}],"wp:attachment":[{"href":"https:\/\/ilersap.com\/es\/wp-json\/wp\/v2\/media?parent=1123"}],"wp:term":[{"taxonomy":"category","embeddable":true,"href":"https:\/\/ilersap.com\/es\/wp-json\/wp\/v2\/categories?post=1123"},{"taxonomy":"post_tag","embeddable":true,"href":"https:\/\/ilersap.com\/es\/wp-json\/wp\/v2\/tags?post=1123"}],"curies":[{"name":"wp","href":"https:\/\/api.w.org\/{rel}","templated":true}]}}