{"id":1458,"date":"2024-04-11T14:56:50","date_gmt":"2024-04-11T14:56:50","guid":{"rendered":"https:\/\/ilersap.com\/ilersap-participa-en-el-3er-congreso-bit-2024\/"},"modified":"2024-05-16T13:55:53","modified_gmt":"2024-05-16T13:55:53","slug":"ilersap-participa-en-el-3er-congreso-bit-2024","status":"publish","type":"post","link":"https:\/\/ilersap.com\/es\/ilersap-participa-en-el-3er-congreso-bit-2024\/","title":{"rendered":"Ilersap participa en el 3er congreso BIT 2024"},"content":{"rendered":"\n<p>El pasado 21 de marzo, Vanessa y Gabriel participaron en el 3er congreso BIT, el congreso de referencia en Catalu\u00f1a sobre Bioeconom\u00eda, Innovaci\u00f3n y Tecnolog\u00eda, celebrado en Vic.<\/p>\n\n<p>La bioeconom\u00eda es un modelo econ\u00f3mico circular y sostenible basado en el uso de recursos biol\u00f3gicos renovables y locales para producir bienes y servicios en todos los sectores econ\u00f3micos. As\u00ed, se pretende reducir la dependencia de los productos f\u00f3siles y minerales, fomentar una mejor integraci\u00f3n de los servicios ecosist\u00e9micos y de la biodiversidad en la econom\u00eda y promover el desarrollo econ\u00f3mico y la creaci\u00f3n de nuevos empleos de acuerdo con los principios establecidos por los ODS (Objetivos de Desarrollo Sostenible).<\/p>\n\n<p>El agua y los paisajes agroforestales resilientes han sido los protagonistas de esta edici\u00f3n, dos focos de especial inter\u00e9s. La gesti\u00f3n del territorio, la conservaci\u00f3n de la biodiversidad o el aprovechamiento de los propios recursos son razones que impulsan la bioeconom\u00eda para tener un futuro mejor y que demuestran que tiene un papel clave como modelo econ\u00f3mico capaz de promover la sostenibilidad del sector primario e impulsar el desarrollo industrial y tecnol\u00f3gico en \u00e1mbitos rurales.<\/p>\n\n<p>Desde Ilersap creemos en este modelo cada vez m\u00e1s presente en nuestro d\u00eda a d\u00eda y por este motivo consideramos oportuno participar en estos congresos, donde adem\u00e1s de poder explicar nuestro compromiso, tambi\u00e9n podemos aprender y conocer la visi\u00f3n y los proyectos que se est\u00e1n llevando a cabo para mejorar la situaci\u00f3n actual.<\/p>\n\n<p>Os invitamos a ver el v\u00eddeo resumen del congreso.<\/p>\n\n<figure class=\"wp-block-embed is-type-video is-provider-youtube wp-block-embed-youtube wp-embed-aspect-16-9 wp-has-aspect-ratio\"><div class=\"wp-block-embed__wrapper\">\n<div class=\"x-resp-embed x-is-video x-is-youtube\"><iframe loading=\"lazy\" title=\"Congr\u00e9s BIT 2024 \u00b7 Aigua i paisatges agroforestals resilients \u00b7 Edici\u00f3 Vic\" width=\"742\" height=\"417\" src=\"https:\/\/www.youtube.com\/embed\/vtIYKIcRRFI?feature=oembed\" frameborder=\"0\" allow=\"accelerometer; autoplay; clipboard-write; encrypted-media; gyroscope; picture-in-picture; web-share\" referrerpolicy=\"strict-origin-when-cross-origin\" allowfullscreen><\/iframe><\/div>\n<\/div><\/figure>\n","protected":false},"excerpt":{"rendered":"<p>El pasado 21 de marzo, Vanessa y Gabriel participaron en el 3er congreso BIT, el congreso de referencia en Catalu\u00f1a sobre Bioeconom\u00eda, Innovaci\u00f3n y Tecnolog\u00eda, celebrado en Vic.<\/p>\n","protected":false},"author":1,"featured_media":1345,"comment_status":"closed","ping_status":"open","sticky":false,"template":"","format":"standard","meta":{"footnotes":""},"categories":[5],"tags":[],"class_list":["post-1458","post","type-post","status-publish","format-standard","has-post-thumbnail","hentry","category-sin-categorizar"],"_links":{"self":[{"href":"https:\/\/ilersap.com\/es\/wp-json\/wp\/v2\/posts\/1458","targetHints":{"allow":["GET"]}}],"collection":[{"href":"https:\/\/ilersap.com\/es\/wp-json\/wp\/v2\/posts"}],"about":[{"href":"https:\/\/ilersap.com\/es\/wp-json\/wp\/v2\/types\/post"}],"author":[{"embeddable":true,"href":"https:\/\/ilersap.com\/es\/wp-json\/wp\/v2\/users\/1"}],"replies":[{"embeddable":true,"href":"https:\/\/ilersap.com\/es\/wp-json\/wp\/v2\/comments?post=1458"}],"version-history":[{"count":3,"href":"https:\/\/ilersap.com\/es\/wp-json\/wp\/v2\/posts\/1458\/revisions"}],"predecessor-version":[{"id":1461,"href":"https:\/\/ilersap.com\/es\/wp-json\/wp\/v2\/posts\/1458\/revisions\/1461"}],"wp:featuredmedia":[{"embeddable":true,"href":"https:\/\/ilersap.com\/es\/wp-json\/wp\/v2\/media\/1345"}],"wp:attachment":[{"href":"https:\/\/ilersap.com\/es\/wp-json\/wp\/v2\/media?parent=1458"}],"wp:term":[{"taxonomy":"category","embeddable":true,"href":"https:\/\/ilersap.com\/es\/wp-json\/wp\/v2\/categories?post=1458"},{"taxonomy":"post_tag","embeddable":true,"href":"https:\/\/ilersap.com\/es\/wp-json\/wp\/v2\/tags?post=1458"}],"curies":[{"name":"wp","href":"https:\/\/api.w.org\/{rel}","templated":true}]}}