{"id":1558,"date":"2024-05-24T11:36:15","date_gmt":"2024-05-24T11:36:15","guid":{"rendered":"https:\/\/ilersap.com\/ilersap-asiste-a-la-1a-gala-de-formacion-profesional\/"},"modified":"2024-06-11T11:46:12","modified_gmt":"2024-06-11T11:46:12","slug":"ilersap-asiste-a-la-1a-gala-de-formacion-profesional","status":"publish","type":"post","link":"https:\/\/ilersap.com\/es\/ilersap-asiste-a-la-1a-gala-de-formacion-profesional\/","title":{"rendered":"ilersap asiste a la 1\u00aa gala de Formaci\u00f3n Profesional"},"content":{"rendered":"\n<p>El pasado mi\u00e9rcoles 22 de mayo Vanessa asisti\u00f3 a la <strong>1\u00aa gala de Formaci\u00f3n Profesional<\/strong> de la Escuela de Trabajo de L\u00e9rida, donde se celebr\u00f3 la ceremonia de graduaci\u00f3n y se reconoci\u00f3 el trabajo de aquellos estudiantes que han destacado por sus logros acad\u00e9micos.<\/p>\n\n<p>Durante el transcurso de la gala tambi\u00e9n se hizo un reconocimiento especial a las empresas colaboradoras que han facilitado las pr\u00e1cticas profesionales a los estudiantes, fundamentales para su formaci\u00f3n.<\/p>\n\n<p>La Escuela de Trabajo es un centro de referencia en la formaci\u00f3n profesional (FP), tanto en la ciudad de L\u00e9rida como en las tierras del Poniente. En los \u00faltimos a\u00f1os, la FP ha experimentado una demanda creciente. Estos estudios se est\u00e1n posicionando cada vez m\u00e1s en una situaci\u00f3n de merecido reconocimiento social, convirti\u00e9ndose en una buena opci\u00f3n para la inserci\u00f3n laboral.<\/p>\n<div class=\"wp-block-image\">\n<figure class=\"aligncenter size-full\"><img loading=\"lazy\" decoding=\"async\" width=\"750\" height=\"430\" src=\"https:\/\/ilersap.com\/wp-content\/uploads\/2024\/05\/Foto-2.jpg\" alt=\"\" class=\"wp-image-1488\" srcset=\"https:\/\/ilersap.com\/wp-content\/uploads\/2024\/05\/Foto-2.jpg 750w, https:\/\/ilersap.com\/wp-content\/uploads\/2024\/05\/Foto-2-300x172.jpg 300w, https:\/\/ilersap.com\/wp-content\/uploads\/2024\/05\/Foto-2-100x57.jpg 100w\" sizes=\"auto, (max-width: 750px) 100vw, 750px\" \/><\/figure>\n<\/div>\n<p>Desde Ilersap agradecemos el reconocimiento que se nos ha dado como empresa colaboradora en la formaci\u00f3n de los estudiantes. Para nosotros, es un valor a\u00f1adido poder dar apoyo y continuidad a sus estudios, ya que estos convenios tambi\u00e9n permiten un crecimiento personal, no solo a los estudiantes, sino tambi\u00e9n a nuestro personal.<\/p>\n\n<figure class=\"wp-block-image size-large\"><img loading=\"lazy\" decoding=\"async\" width=\"1024\" height=\"683\" src=\"https:\/\/ilersap.com\/wp-content\/uploads\/2024\/06\/Foto-3-3-1024x683.jpg\" alt=\"ilersap escola treball\" class=\"wp-image-1519\" srcset=\"https:\/\/ilersap.com\/wp-content\/uploads\/2024\/06\/Foto-3-3-1024x683.jpg 1024w, https:\/\/ilersap.com\/wp-content\/uploads\/2024\/06\/Foto-3-3-300x200.jpg 300w, https:\/\/ilersap.com\/wp-content\/uploads\/2024\/06\/Foto-3-3-768x512.jpg 768w\" sizes=\"auto, (max-width: 1024px) 100vw, 1024px\" \/><\/figure>\n\n<p>As\u00ed, esperamos poder seguir construyendo sinergias con los centros de formaci\u00f3n y dar la oportunidad a los alumnos de que aprendan y conozcan c\u00f3mo es trabajar en un laboratorio.<\/p>\n\n<p>Aprovechamos para felicitar a todos los estudiantes que han sido galardonados con su t\u00edtulo y animamos a los que a\u00fan no han terminado su formaci\u00f3n a aprovechar al m\u00e1ximo estos a\u00f1os de estudio y a disfrutar del aprendizaje.<\/p>\n","protected":false},"excerpt":{"rendered":"<p>El pasado mi\u00e9rcoles 22 de mayo Vanessa asisti\u00f3 a la 1\u00aa gala de Formaci\u00f3n Profesional de la Escuela de Trabajo de L\u00e9rida, donde se celebr\u00f3 la ceremonia de graduaci\u00f3n y se reconoci\u00f3 el trabajo de aquellos estudiantes que han destacado por sus logros acad\u00e9micos.<\/p>\n","protected":false},"author":1,"featured_media":1491,"comment_status":"closed","ping_status":"open","sticky":false,"template":"","format":"standard","meta":{"footnotes":""},"categories":[5],"tags":[],"class_list":["post-1558","post","type-post","status-publish","format-standard","has-post-thumbnail","hentry","category-sin-categorizar"],"_links":{"self":[{"href":"https:\/\/ilersap.com\/es\/wp-json\/wp\/v2\/posts\/1558","targetHints":{"allow":["GET"]}}],"collection":[{"href":"https:\/\/ilersap.com\/es\/wp-json\/wp\/v2\/posts"}],"about":[{"href":"https:\/\/ilersap.com\/es\/wp-json\/wp\/v2\/types\/post"}],"author":[{"embeddable":true,"href":"https:\/\/ilersap.com\/es\/wp-json\/wp\/v2\/users\/1"}],"replies":[{"embeddable":true,"href":"https:\/\/ilersap.com\/es\/wp-json\/wp\/v2\/comments?post=1558"}],"version-history":[{"count":1,"href":"https:\/\/ilersap.com\/es\/wp-json\/wp\/v2\/posts\/1558\/revisions"}],"predecessor-version":[{"id":1559,"href":"https:\/\/ilersap.com\/es\/wp-json\/wp\/v2\/posts\/1558\/revisions\/1559"}],"wp:featuredmedia":[{"embeddable":true,"href":"https:\/\/ilersap.com\/es\/wp-json\/wp\/v2\/media\/1491"}],"wp:attachment":[{"href":"https:\/\/ilersap.com\/es\/wp-json\/wp\/v2\/media?parent=1558"}],"wp:term":[{"taxonomy":"category","embeddable":true,"href":"https:\/\/ilersap.com\/es\/wp-json\/wp\/v2\/categories?post=1558"},{"taxonomy":"post_tag","embeddable":true,"href":"https:\/\/ilersap.com\/es\/wp-json\/wp\/v2\/tags?post=1558"}],"curies":[{"name":"wp","href":"https:\/\/api.w.org\/{rel}","templated":true}]}}