{"id":1562,"date":"2024-06-11T07:04:46","date_gmt":"2024-06-11T07:04:46","guid":{"rendered":"https:\/\/ilersap.com\/ilersap-celebra-20-anos-de-trayectoria\/"},"modified":"2024-06-11T11:54:36","modified_gmt":"2024-06-11T11:54:36","slug":"ilersap-celebra-20-anos-de-trayectoria","status":"publish","type":"post","link":"https:\/\/ilersap.com\/es\/ilersap-celebra-20-anos-de-trayectoria\/","title":{"rendered":"Ilersap celebra 20 a\u00f1os de trayectoria"},"content":{"rendered":"\n<p>El pasado viernes 7 de junio tuvo lugar la celebraci\u00f3n de los 20 a\u00f1os de Ilersap, un d\u00eda muy bonito para recordar en compa\u00f1\u00eda de clientes, amigos, proveedores y colaboradores.<\/p>\n\n<p>Durante el acto se llevaron a cabo dos ponencias: una a cargo de V\u00edctor Falguera, coordinador general del Centro de Innovaci\u00f3n Digital Agroalimentario y Forestal de Catalu\u00f1a (CIDAF) y El Hub de la Bioeconom\u00eda de Catalu\u00f1a (BioHubCat); <strong>\u2018Las oportunidades de la bioeconom\u00eda para las empresas y para los territorios rurales\u2019,<\/strong> y otra por Daniel Gabarr\u00f3, maestro con formaci\u00f3n en psicopedagog\u00eda, licenciado en humanidades y diplomado en direcci\u00f3n y organizaci\u00f3n de empresas; <strong>\u2018Anal\u00edtica interior: los valores que gu\u00edan nuestra vida personal y profesional\u2019.<\/strong> Con sus ponencias nos transmitieron conocimientos y valores muy enriquecedores que nos ayudaron a reflexionar y abrir nuestra perspectiva ante los desaf\u00edos que se avecinan.<\/p>\n\n<figure class=\"wp-block-image size-large\"><img loading=\"lazy\" decoding=\"async\" width=\"1024\" height=\"683\" src=\"https:\/\/ilersap.com\/wp-content\/uploads\/2024\/06\/Foto-1-1024x683.jpg\" alt=\"\" class=\"wp-image-1541\" srcset=\"https:\/\/ilersap.com\/wp-content\/uploads\/2024\/06\/Foto-1-1024x683.jpg 1024w, https:\/\/ilersap.com\/wp-content\/uploads\/2024\/06\/Foto-1-300x200.jpg 300w, https:\/\/ilersap.com\/wp-content\/uploads\/2024\/06\/Foto-1-768x512.jpg 768w, https:\/\/ilersap.com\/wp-content\/uploads\/2024\/06\/Foto-1-1536x1024.jpg 1536w, https:\/\/ilersap.com\/wp-content\/uploads\/2024\/06\/Foto-1-100x67.jpg 100w, https:\/\/ilersap.com\/wp-content\/uploads\/2024\/06\/Foto-1-862x575.jpg 862w, https:\/\/ilersap.com\/wp-content\/uploads\/2024\/06\/Foto-1-1200x800.jpg 1200w, https:\/\/ilersap.com\/wp-content\/uploads\/2024\/06\/Foto-1.jpg 1980w\" sizes=\"auto, (max-width: 1024px) 100vw, 1024px\" \/><\/figure>\n\n<p>Aprovechando la celebraci\u00f3n, se inaugur\u00f3 la ampliaci\u00f3n de nuestras instalaciones, ocupando ya toda la 3\u00aa y 4\u00aa planta y consolidando los departamentos medioambientales y agroalimentarios. Todos los asistentes al acto pudieron visitar el laboratorio y conocer m\u00e1s de cerca c\u00f3mo es nuestro d\u00eda a d\u00eda. <\/p>\n\n<figure class=\"wp-block-gallery has-nested-images columns-default is-cropped wp-block-gallery-1 is-layout-flex wp-block-gallery-is-layout-flex\">\n<figure class=\"wp-block-image size-large\"><img loading=\"lazy\" decoding=\"async\" width=\"1024\" height=\"683\" data-id=\"1553\" src=\"https:\/\/ilersap.com\/wp-content\/uploads\/2024\/06\/Foto-3-4-1024x683.jpg\" alt=\"\" class=\"wp-image-1553\" srcset=\"https:\/\/ilersap.com\/wp-content\/uploads\/2024\/06\/Foto-3-4-1024x683.jpg 1024w, https:\/\/ilersap.com\/wp-content\/uploads\/2024\/06\/Foto-3-4-300x200.jpg 300w, https:\/\/ilersap.com\/wp-content\/uploads\/2024\/06\/Foto-3-4-768x512.jpg 768w, https:\/\/ilersap.com\/wp-content\/uploads\/2024\/06\/Foto-3-4-1536x1024.jpg 1536w, https:\/\/ilersap.com\/wp-content\/uploads\/2024\/06\/Foto-3-4-100x67.jpg 100w, https:\/\/ilersap.com\/wp-content\/uploads\/2024\/06\/Foto-3-4-862x575.jpg 862w, https:\/\/ilersap.com\/wp-content\/uploads\/2024\/06\/Foto-3-4-1200x800.jpg 1200w, https:\/\/ilersap.com\/wp-content\/uploads\/2024\/06\/Foto-3-4.jpg 1980w\" sizes=\"auto, (max-width: 1024px) 100vw, 1024px\" \/><\/figure>\n\n\n\n<figure class=\"wp-block-image size-large\"><img loading=\"lazy\" decoding=\"async\" width=\"1024\" height=\"683\" data-id=\"1547\" src=\"https:\/\/ilersap.com\/wp-content\/uploads\/2024\/06\/Foto-4-1-1024x683.jpg\" alt=\"\" class=\"wp-image-1547\" srcset=\"https:\/\/ilersap.com\/wp-content\/uploads\/2024\/06\/Foto-4-1-1024x683.jpg 1024w, https:\/\/ilersap.com\/wp-content\/uploads\/2024\/06\/Foto-4-1-300x200.jpg 300w, https:\/\/ilersap.com\/wp-content\/uploads\/2024\/06\/Foto-4-1-768x512.jpg 768w, https:\/\/ilersap.com\/wp-content\/uploads\/2024\/06\/Foto-4-1-1536x1024.jpg 1536w, https:\/\/ilersap.com\/wp-content\/uploads\/2024\/06\/Foto-4-1-100x67.jpg 100w, https:\/\/ilersap.com\/wp-content\/uploads\/2024\/06\/Foto-4-1-862x575.jpg 862w, https:\/\/ilersap.com\/wp-content\/uploads\/2024\/06\/Foto-4-1-1200x800.jpg 1200w, https:\/\/ilersap.com\/wp-content\/uploads\/2024\/06\/Foto-4-1.jpg 1980w\" sizes=\"auto, (max-width: 1024px) 100vw, 1024px\" \/><\/figure>\n\n\n\n<figure class=\"wp-block-image size-large\"><img loading=\"lazy\" decoding=\"async\" width=\"1024\" height=\"823\" data-id=\"1549\" src=\"https:\/\/ilersap.com\/wp-content\/uploads\/2024\/06\/Foto-5-1-1024x823.jpg\" alt=\"\" class=\"wp-image-1549\" srcset=\"https:\/\/ilersap.com\/wp-content\/uploads\/2024\/06\/Foto-5-1-1024x823.jpg 1024w, https:\/\/ilersap.com\/wp-content\/uploads\/2024\/06\/Foto-5-1-300x241.jpg 300w, https:\/\/ilersap.com\/wp-content\/uploads\/2024\/06\/Foto-5-1-768x617.jpg 768w, https:\/\/ilersap.com\/wp-content\/uploads\/2024\/06\/Foto-5-1-1536x1235.jpg 1536w, https:\/\/ilersap.com\/wp-content\/uploads\/2024\/06\/Foto-5-1-100x80.jpg 100w, https:\/\/ilersap.com\/wp-content\/uploads\/2024\/06\/Foto-5-1-862x693.jpg 862w, https:\/\/ilersap.com\/wp-content\/uploads\/2024\/06\/Foto-5-1-1200x965.jpg 1200w, https:\/\/ilersap.com\/wp-content\/uploads\/2024\/06\/Foto-5-1.jpg 1642w\" sizes=\"auto, (max-width: 1024px) 100vw, 1024px\" \/><\/figure>\n\n\n\n<figure class=\"wp-block-image size-large\"><img loading=\"lazy\" decoding=\"async\" width=\"1024\" height=\"513\" data-id=\"1555\" src=\"https:\/\/ilersap.com\/wp-content\/uploads\/2024\/06\/Foto-6-1024x513.jpg\" alt=\"\" class=\"wp-image-1555\" srcset=\"https:\/\/ilersap.com\/wp-content\/uploads\/2024\/06\/Foto-6-1024x513.jpg 1024w, https:\/\/ilersap.com\/wp-content\/uploads\/2024\/06\/Foto-6-300x150.jpg 300w, https:\/\/ilersap.com\/wp-content\/uploads\/2024\/06\/Foto-6-768x385.jpg 768w, https:\/\/ilersap.com\/wp-content\/uploads\/2024\/06\/Foto-6-1536x770.jpg 1536w, https:\/\/ilersap.com\/wp-content\/uploads\/2024\/06\/Foto-6-100x50.jpg 100w, https:\/\/ilersap.com\/wp-content\/uploads\/2024\/06\/Foto-6-862x432.jpg 862w, https:\/\/ilersap.com\/wp-content\/uploads\/2024\/06\/Foto-6-1200x602.jpg 1200w, https:\/\/ilersap.com\/wp-content\/uploads\/2024\/06\/Foto-6.jpg 1600w\" sizes=\"auto, (max-width: 1024px) 100vw, 1024px\" \/><\/figure>\n\n\n\n<figure class=\"wp-block-image size-large\"><img loading=\"lazy\" decoding=\"async\" width=\"1024\" height=\"1010\" data-id=\"1551\" src=\"https:\/\/ilersap.com\/wp-content\/uploads\/2024\/06\/Foto-7-1024x1010.jpg\" alt=\"\" class=\"wp-image-1551\" srcset=\"https:\/\/ilersap.com\/wp-content\/uploads\/2024\/06\/Foto-7-1024x1010.jpg 1024w, https:\/\/ilersap.com\/wp-content\/uploads\/2024\/06\/Foto-7-300x296.jpg 300w, https:\/\/ilersap.com\/wp-content\/uploads\/2024\/06\/Foto-7-768x757.jpg 768w, https:\/\/ilersap.com\/wp-content\/uploads\/2024\/06\/Foto-7-100x99.jpg 100w, https:\/\/ilersap.com\/wp-content\/uploads\/2024\/06\/Foto-7-862x850.jpg 862w, https:\/\/ilersap.com\/wp-content\/uploads\/2024\/06\/Foto-7.jpg 1201w\" sizes=\"auto, (max-width: 1024px) 100vw, 1024px\" \/><\/figure>\n<\/figure>\n\n<p>Desde Ilersap estamos muy contentos y satisfechos con el d\u00eda que vivimos, lleno de sorpresas, conocimientos enriquecedores, risas y emociones. Gracias por formar parte de nuestra red, por acompa\u00f1arnos en este camino y por impulsarnos a crecer y mejorar.<\/p>\n\n<p>Esperamos poder seguir celebrando a\u00f1os a vuestro lado.<\/p>\n\n<p>Gracias de todo coraz\u00f3n.<\/p>\n","protected":false},"excerpt":{"rendered":"<p>El pasado viernes 7 de junio tuvo lugar la celebraci\u00f3n de los 20 a\u00f1os de Ilersap, un d\u00eda muy bonito para recordar en compa\u00f1\u00eda de clientes, amigos, proveedores y colaboradores.<\/p>\n","protected":false},"author":3,"featured_media":1540,"comment_status":"closed","ping_status":"open","sticky":false,"template":"","format":"standard","meta":{"footnotes":""},"categories":[5],"tags":[],"class_list":["post-1562","post","type-post","status-publish","format-standard","has-post-thumbnail","hentry","category-sin-categorizar"],"_links":{"self":[{"href":"https:\/\/ilersap.com\/es\/wp-json\/wp\/v2\/posts\/1562","targetHints":{"allow":["GET"]}}],"collection":[{"href":"https:\/\/ilersap.com\/es\/wp-json\/wp\/v2\/posts"}],"about":[{"href":"https:\/\/ilersap.com\/es\/wp-json\/wp\/v2\/types\/post"}],"author":[{"embeddable":true,"href":"https:\/\/ilersap.com\/es\/wp-json\/wp\/v2\/users\/3"}],"replies":[{"embeddable":true,"href":"https:\/\/ilersap.com\/es\/wp-json\/wp\/v2\/comments?post=1562"}],"version-history":[{"count":1,"href":"https:\/\/ilersap.com\/es\/wp-json\/wp\/v2\/posts\/1562\/revisions"}],"predecessor-version":[{"id":1563,"href":"https:\/\/ilersap.com\/es\/wp-json\/wp\/v2\/posts\/1562\/revisions\/1563"}],"wp:featuredmedia":[{"embeddable":true,"href":"https:\/\/ilersap.com\/es\/wp-json\/wp\/v2\/media\/1540"}],"wp:attachment":[{"href":"https:\/\/ilersap.com\/es\/wp-json\/wp\/v2\/media?parent=1562"}],"wp:term":[{"taxonomy":"category","embeddable":true,"href":"https:\/\/ilersap.com\/es\/wp-json\/wp\/v2\/categories?post=1562"},{"taxonomy":"post_tag","embeddable":true,"href":"https:\/\/ilersap.com\/es\/wp-json\/wp\/v2\/tags?post=1562"}],"curies":[{"name":"wp","href":"https:\/\/api.w.org\/{rel}","templated":true}]}}