{"id":1858,"date":"2025-02-18T10:17:53","date_gmt":"2025-02-18T10:17:53","guid":{"rendered":"https:\/\/ilersap.com\/participacion-en-el-podcast-la-capitania-para-hablar-sobbre-el-talento-tecnologico-en-lleida\/"},"modified":"2025-05-28T14:21:34","modified_gmt":"2025-05-28T14:21:34","slug":"participacion-en-el-podcast-la-capitania-para-hablar-sobbre-el-talento-tecnologico-en-lleida","status":"publish","type":"post","link":"https:\/\/ilersap.com\/es\/participacion-en-el-podcast-la-capitania-para-hablar-sobbre-el-talento-tecnologico-en-lleida\/","title":{"rendered":"Participaci\u00f3n en el podcast \u00abLa Capitania\u00bb para hablar sobbre el talento tecnol\u00f3gico en Lleida"},"content":{"rendered":"\n<p>Estamos muy contentos de haber participado en el p\u00f3dcast \u00abLa Capitania\u00bb, un espacio dedicado a dar voz a los proyectos y a las personas que impulsan iniciativas desde las Terres de Ponent.<\/p>\n\n<p>Para dar voz a ilersap, nuestra directora Vanessa Riu particip\u00f3 para explicar nuestra experiencia como laboratorio medioambiental y agroalimentario, con un importante equipamiento tecnol\u00f3gico, pero sobre todo, con un capital humano que nos da un gran valor.<\/p>\n\n<p>Vanessa comparti\u00f3 la trayectoria de ilersap, as\u00ed como la misi\u00f3n, visi\u00f3n y valores que nos definen, y tambi\u00e9n destac\u00f3 c\u00f3mo Lleida se est\u00e1 convirtiendo en una ciudad referente en innovaci\u00f3n y talento en este \u00e1mbito.<\/p>\n\n<p>Durante el p\u00f3dcast se puso en valor el potencial de los profesionales y las empresas del territorio, as\u00ed como las oportunidades de crecimiento y proyecci\u00f3n global que pueden generarse desde nuestra ciudad.<\/p>\n\n<p>Desde aqu\u00ed, queremos agradecer al equipo de \u00abLa Capitania\u00bb por su invitaci\u00f3n y por el gran trabajo que hacen dando visibilidad a iniciativas inspiradoras.<\/p>\n\n<p>Os animamos a escuchar este episodio y a seguir el p\u00f3dcast para descubrir m\u00e1s historias de personas y proyectos que hacen crecer nuestro territorio.<\/p>\n\n<p>Pod\u00e9is escuchar el episodio completo aqu\u00ed: <\/p>\n\n<figure class=\"wp-block-embed is-type-video is-provider-youtube wp-block-embed-youtube wp-embed-aspect-16-9 wp-has-aspect-ratio\"><div class=\"wp-block-embed__wrapper\">\n<div class=\"x-resp-embed x-is-video x-is-youtube\"><iframe loading=\"lazy\" title=\"8.- Impulsant talent tecnol\u00f2gic des de Lleida al m\u00f3n | Vanessa Riu | #8 Podcast &quot;La Capitania&quot;\" width=\"742\" height=\"417\" src=\"https:\/\/www.youtube.com\/embed\/T_vJB3mia9g?list=PL-Z-6MpI6xVFFkDJNeFq4HsDGF69C_uoH\" frameborder=\"0\" allow=\"accelerometer; autoplay; clipboard-write; encrypted-media; gyroscope; picture-in-picture; web-share\" referrerpolicy=\"strict-origin-when-cross-origin\" allowfullscreen><\/iframe><\/div>\n<\/div><\/figure>\n\n<p><\/p>\n","protected":false},"excerpt":{"rendered":"<p>Estamos muy contentos de haber participado en el p\u00f3dcast \u00abLa Capitania\u00bb, un espacio dedicado a dar voz a los proyectos y a las personas que impulsan iniciativas desde las Terres de Ponent.<\/p>\n","protected":false},"author":3,"featured_media":1413,"comment_status":"closed","ping_status":"open","sticky":false,"template":"","format":"standard","meta":{"footnotes":""},"categories":[5],"tags":[],"class_list":["post-1858","post","type-post","status-publish","format-standard","has-post-thumbnail","hentry","category-sin-categorizar"],"_links":{"self":[{"href":"https:\/\/ilersap.com\/es\/wp-json\/wp\/v2\/posts\/1858","targetHints":{"allow":["GET"]}}],"collection":[{"href":"https:\/\/ilersap.com\/es\/wp-json\/wp\/v2\/posts"}],"about":[{"href":"https:\/\/ilersap.com\/es\/wp-json\/wp\/v2\/types\/post"}],"author":[{"embeddable":true,"href":"https:\/\/ilersap.com\/es\/wp-json\/wp\/v2\/users\/3"}],"replies":[{"embeddable":true,"href":"https:\/\/ilersap.com\/es\/wp-json\/wp\/v2\/comments?post=1858"}],"version-history":[{"count":1,"href":"https:\/\/ilersap.com\/es\/wp-json\/wp\/v2\/posts\/1858\/revisions"}],"predecessor-version":[{"id":1859,"href":"https:\/\/ilersap.com\/es\/wp-json\/wp\/v2\/posts\/1858\/revisions\/1859"}],"wp:featuredmedia":[{"embeddable":true,"href":"https:\/\/ilersap.com\/es\/wp-json\/wp\/v2\/media\/1413"}],"wp:attachment":[{"href":"https:\/\/ilersap.com\/es\/wp-json\/wp\/v2\/media?parent=1858"}],"wp:term":[{"taxonomy":"category","embeddable":true,"href":"https:\/\/ilersap.com\/es\/wp-json\/wp\/v2\/categories?post=1858"},{"taxonomy":"post_tag","embeddable":true,"href":"https:\/\/ilersap.com\/es\/wp-json\/wp\/v2\/tags?post=1858"}],"curies":[{"name":"wp","href":"https:\/\/api.w.org\/{rel}","templated":true}]}}