{"id":1860,"date":"2025-03-19T12:44:20","date_gmt":"2025-03-19T12:44:20","guid":{"rendered":"https:\/\/ilersap.com\/participacion-en-el-proyecto-de-mentoria-corporativa-sociolaboral\/"},"modified":"2025-05-28T14:24:13","modified_gmt":"2025-05-28T14:24:13","slug":"participacion-en-el-proyecto-de-mentoria-corporativa-sociolaboral","status":"publish","type":"post","link":"https:\/\/ilersap.com\/es\/participacion-en-el-proyecto-de-mentoria-corporativa-sociolaboral\/","title":{"rendered":"Participaci\u00f3n en el Proyecto de Mentor\u00eda Corporativa Sociolaboral"},"content":{"rendered":"\n<p>Esta semana ha comenzado la formaci\u00f3n en mentor\u00eda organizada por el IMO Salvador Segu\u00ed y financiada por el Servicio P\u00fablico de Empleo de Catalu\u00f1a, en la que ilersap, representado por Vanessa, junto con otras entidades, ha participado en un proyecto de acompa\u00f1amiento a personas en situaci\u00f3n de desventaja laboral.<\/p>\n\n<p>Durante cuatro meses, los participantes recibir\u00e1n asesoramiento donde se compartir\u00e1n conocimientos y experiencias profesionales con el objetivo de mejorar su empleabilidad.<\/p>\n\n<p>Junto con ilersap, tambi\u00e9n forman parte del proyecto empresas como Cubas Segre, Alier, B Biosca SL, Grup Cooperatiu Fruits de Ponent, GFT Technologies, Revalorem, Group Salt\u00f3 y Cl\u00ednicas Mi. Asimismo, diversas entidades como la Coordinadora de Gente Mayor y voluntariado S\u00e9nior, la Fundaci\u00f3n Llars del Seminari y Down Lleida contribuyen activamente.<\/p>\n\n<p>La implicaci\u00f3n en este proyecto reafirma nuestro compromiso con la inclusi\u00f3n sociolaboral y el apoyo a las personas con mayores dificultades de acceso al mercado laboral.<\/p>\n\n<p>\u00a1Una muy buena iniciativa!<\/p>\n","protected":false},"excerpt":{"rendered":"<p>Esta semana ha comenzado la formaci\u00f3n en mentor\u00eda organizada por el IMO Salvador Segu\u00ed y financiada por el Servicio P\u00fablico de Empleo de Catalu\u00f1a, en la que ilersap, representado por Vanessa, junto con otras entidades, ha participado en un proyecto de acompa\u00f1amiento a personas en situaci\u00f3n de desventaja laboral.<\/p>\n","protected":false},"author":3,"featured_media":1794,"comment_status":"closed","ping_status":"open","sticky":false,"template":"","format":"standard","meta":{"footnotes":""},"categories":[5],"tags":[],"class_list":["post-1860","post","type-post","status-publish","format-standard","has-post-thumbnail","hentry","category-sin-categorizar"],"_links":{"self":[{"href":"https:\/\/ilersap.com\/es\/wp-json\/wp\/v2\/posts\/1860","targetHints":{"allow":["GET"]}}],"collection":[{"href":"https:\/\/ilersap.com\/es\/wp-json\/wp\/v2\/posts"}],"about":[{"href":"https:\/\/ilersap.com\/es\/wp-json\/wp\/v2\/types\/post"}],"author":[{"embeddable":true,"href":"https:\/\/ilersap.com\/es\/wp-json\/wp\/v2\/users\/3"}],"replies":[{"embeddable":true,"href":"https:\/\/ilersap.com\/es\/wp-json\/wp\/v2\/comments?post=1860"}],"version-history":[{"count":1,"href":"https:\/\/ilersap.com\/es\/wp-json\/wp\/v2\/posts\/1860\/revisions"}],"predecessor-version":[{"id":1861,"href":"https:\/\/ilersap.com\/es\/wp-json\/wp\/v2\/posts\/1860\/revisions\/1861"}],"wp:featuredmedia":[{"embeddable":true,"href":"https:\/\/ilersap.com\/es\/wp-json\/wp\/v2\/media\/1794"}],"wp:attachment":[{"href":"https:\/\/ilersap.com\/es\/wp-json\/wp\/v2\/media?parent=1860"}],"wp:term":[{"taxonomy":"category","embeddable":true,"href":"https:\/\/ilersap.com\/es\/wp-json\/wp\/v2\/categories?post=1860"},{"taxonomy":"post_tag","embeddable":true,"href":"https:\/\/ilersap.com\/es\/wp-json\/wp\/v2\/tags?post=1860"}],"curies":[{"name":"wp","href":"https:\/\/api.w.org\/{rel}","templated":true}]}}